{"id":1843,"date":"2025-08-25T13:35:47","date_gmt":"2025-08-25T13:35:47","guid":{"rendered":"https:\/\/samspilogsprog.dk\/?p=1843"},"modified":"2025-08-25T13:35:49","modified_gmt":"2025-08-25T13:35:49","slug":"autismekursus-hos-alf","status":"publish","type":"post","link":"https:\/\/samspilogsprog.dk\/index.php\/2025\/08\/25\/autismekursus-hos-alf\/","title":{"rendered":"Autismekursus hos ALF"},"content":{"rendered":"\n<p>juni 2024<\/p>\n\n\n\n<p>\u00a0sidste uge var jeg p\u00e5 anden del af et 6 dages kursus om autisme med dygtige psykolog Cecilia Brynskov arrangeret af Audiologop\u00e6disk Forening. Sikke en forn\u00f8jelse og gave at f\u00e5 lov at tale om netop autisme med andre logop\u00e6der. Hvis vi f\u00e5r lov at komme med vores faglighed og st\u00f8tte op om barnets kommunikation og samspilsevner b\u00e5de direkte og indirekte, er der virkelig meget livsduelighed at hente b\u00e5de p\u00e5 kort og langt sigt. Jeg har gennem \u00e5rene set og erfaret hvilken forskel, det g\u00f8r for barn, familie og dagtilbud, n\u00e5r barnet f\u00e5r en stemme, hvad enten den er nonverbal eller ej, og oplever mestring og ejerskab i sit eget liv ved at f\u00f8le sig forst\u00e5et. Det er en demokratisk ret at kunne sige til og fra &#8211; at blive h\u00f8rt i sit eget liv.&nbsp;<\/p>\n\n\n\n<p>Det er altafg\u00f8rende, at de logop\u00e6diske kompetencer kommer i spil hos denne m\u00e5lgruppe. Her halter vi desv\u00e6rre bag efter i Danmark. Endnu&#8230;..<\/p>\n\n\n\n<p>#autisme #logop\u00e6di #audiologop\u00e6diskforening<\/p>\n\n\n\n<figure class=\"wp-block-image size-large\"><img loading=\"lazy\" decoding=\"async\" width=\"768\" height=\"1024\" src=\"https:\/\/samspilogsprog.dk\/wp-content\/uploads\/2025\/08\/1000015521-768x1024.jpg\" alt=\"\" class=\"wp-image-1844\"\/><\/figure>\n","protected":false},"excerpt":{"rendered":"<p>juni 2024 \u00a0sidste uge var jeg p\u00e5 anden del af et 6 dages kursus om autisme med dygtige psykolog Cecilia Brynskov arrangeret af Audiologop\u00e6disk Forening. Sikke en forn\u00f8jelse og gave at f\u00e5 lov at tale om netop autisme med andre logop\u00e6der. Hvis vi f\u00e5r lov at komme med vores faglighed og st\u00f8tte op om barnets &hellip;<\/p>\n<p class=\"read-more\"> <a class=\"\" href=\"https:\/\/samspilogsprog.dk\/index.php\/2025\/08\/25\/autismekursus-hos-alf\/\"> <span class=\"screen-reader-text\">Autismekursus hos ALF<\/span> L\u00e6s mere &raquo;<\/a><\/p>\n","protected":false},"author":2,"featured_media":0,"comment_status":"open","ping_status":"open","sticky":false,"template":"","format":"standard","meta":{"site-sidebar-layout":"default","site-content-layout":"default","ast-global-header-display":"","ast-main-header-display":"","ast-hfb-above-header-display":"","ast-hfb-below-header-display":"","ast-hfb-mobile-header-display":"","site-post-title":"","ast-breadcrumbs-content":"","ast-featured-img":"","footer-sml-layout":"","theme-transparent-header-meta":"","adv-header-id-meta":"","stick-header-meta":"","header-above-stick-meta":"","header-main-stick-meta":"","header-below-stick-meta":"","footnotes":""},"categories":[1],"tags":[],"class_list":["post-1843","post","type-post","status-publish","format-standard","hentry","category-uncategorized"],"yoast_head":"<!-- This site is optimized with the Yoast SEO plugin v19.13 - https:\/\/yoast.com\/wordpress\/plugins\/seo\/ -->\n<title>Autismekursus hos ALF - Samspil og Sprog<\/title>\n<meta name=\"robots\" content=\"index, follow, max-snippet:-1, max-image-preview:large, max-video-preview:-1\" \/>\n<link rel=\"canonical\" href=\"https:\/\/samspilogsprog.dk\/index.php\/2025\/08\/25\/autismekursus-hos-alf\/\" \/>\n<meta property=\"og:locale\" content=\"da_DK\" \/>\n<meta property=\"og:type\" content=\"article\" \/>\n<meta property=\"og:title\" content=\"Autismekursus hos ALF - Samspil og Sprog\" \/>\n<meta property=\"og:description\" content=\"juni 2024 \u00a0sidste uge var jeg p\u00e5 anden del af et 6 dages kursus om autisme med dygtige psykolog Cecilia Brynskov arrangeret af Audiologop\u00e6disk Forening. Sikke en forn\u00f8jelse og gave at f\u00e5 lov at tale om netop autisme med andre logop\u00e6der. Hvis vi f\u00e5r lov at komme med vores faglighed og st\u00f8tte op om barnets &hellip; Autismekursus hos ALF L\u00e6s mere &raquo;\" \/>\n<meta property=\"og:url\" content=\"https:\/\/samspilogsprog.dk\/index.php\/2025\/08\/25\/autismekursus-hos-alf\/\" \/>\n<meta property=\"og:site_name\" content=\"Samspil og Sprog\" \/>\n<meta property=\"article:published_time\" content=\"2025-08-25T13:35:47+00:00\" \/>\n<meta property=\"article:modified_time\" content=\"2025-08-25T13:35:49+00:00\" \/>\n<meta property=\"og:image\" content=\"https:\/\/samspilogsprog.dk\/wp-content\/uploads\/2025\/08\/1000015521-768x1024.jpg\" \/>\n<meta name=\"author\" content=\"stine lawaetz\" \/>\n<meta name=\"twitter:card\" content=\"summary_large_image\" \/>\n<meta name=\"twitter:label1\" content=\"Skrevet af\" \/>\n\t<meta name=\"twitter:data1\" content=\"stine lawaetz\" \/>\n\t<meta name=\"twitter:label2\" content=\"Estimeret l\u00e6setid\" \/>\n\t<meta name=\"twitter:data2\" content=\"2 minutter\" \/>\n<script type=\"application\/ld+json\" class=\"yoast-schema-graph\">{\"@context\":\"https:\/\/schema.org\",\"@graph\":[{\"@type\":\"Article\",\"@id\":\"https:\/\/samspilogsprog.dk\/index.php\/2025\/08\/25\/autismekursus-hos-alf\/#article\",\"isPartOf\":{\"@id\":\"https:\/\/samspilogsprog.dk\/index.php\/2025\/08\/25\/autismekursus-hos-alf\/\"},\"author\":{\"name\":\"stine lawaetz\",\"@id\":\"https:\/\/samspilogsprog.dk\/#\/schema\/person\/df581b5e4558c3d600f4272c3bf28b85\"},\"headline\":\"Autismekursus hos ALF\",\"datePublished\":\"2025-08-25T13:35:47+00:00\",\"dateModified\":\"2025-08-25T13:35:49+00:00\",\"mainEntityOfPage\":{\"@id\":\"https:\/\/samspilogsprog.dk\/index.php\/2025\/08\/25\/autismekursus-hos-alf\/\"},\"wordCount\":182,\"commentCount\":0,\"publisher\":{\"@id\":\"https:\/\/samspilogsprog.dk\/#organization\"},\"articleSection\":[\"Uncategorized\"],\"inLanguage\":\"da-DK\",\"potentialAction\":[{\"@type\":\"CommentAction\",\"name\":\"Comment\",\"target\":[\"https:\/\/samspilogsprog.dk\/index.php\/2025\/08\/25\/autismekursus-hos-alf\/#respond\"]}]},{\"@type\":\"WebPage\",\"@id\":\"https:\/\/samspilogsprog.dk\/index.php\/2025\/08\/25\/autismekursus-hos-alf\/\",\"url\":\"https:\/\/samspilogsprog.dk\/index.php\/2025\/08\/25\/autismekursus-hos-alf\/\",\"name\":\"Autismekursus hos ALF - Samspil og Sprog\",\"isPartOf\":{\"@id\":\"https:\/\/samspilogsprog.dk\/#website\"},\"datePublished\":\"2025-08-25T13:35:47+00:00\",\"dateModified\":\"2025-08-25T13:35:49+00:00\",\"breadcrumb\":{\"@id\":\"https:\/\/samspilogsprog.dk\/index.php\/2025\/08\/25\/autismekursus-hos-alf\/#breadcrumb\"},\"inLanguage\":\"da-DK\",\"potentialAction\":[{\"@type\":\"ReadAction\",\"target\":[\"https:\/\/samspilogsprog.dk\/index.php\/2025\/08\/25\/autismekursus-hos-alf\/\"]}]},{\"@type\":\"BreadcrumbList\",\"@id\":\"https:\/\/samspilogsprog.dk\/index.php\/2025\/08\/25\/autismekursus-hos-alf\/#breadcrumb\",\"itemListElement\":[{\"@type\":\"ListItem\",\"position\":1,\"name\":\"Hjem\",\"item\":\"https:\/\/samspilogsprog.dk\/\"},{\"@type\":\"ListItem\",\"position\":2,\"name\":\"Autismekursus hos ALF\"}]},{\"@type\":\"WebSite\",\"@id\":\"https:\/\/samspilogsprog.dk\/#website\",\"url\":\"https:\/\/samspilogsprog.dk\/\",\"name\":\"Samspil og Sprog\",\"description\":\"Samspil og Sprog besk\u00e6ftiger sig med vejledning i b\u00f8rns sproglige udvikling\",\"publisher\":{\"@id\":\"https:\/\/samspilogsprog.dk\/#organization\"},\"potentialAction\":[{\"@type\":\"SearchAction\",\"target\":{\"@type\":\"EntryPoint\",\"urlTemplate\":\"https:\/\/samspilogsprog.dk\/?s={search_term_string}\"},\"query-input\":\"required name=search_term_string\"}],\"inLanguage\":\"da-DK\"},{\"@type\":\"Organization\",\"@id\":\"https:\/\/samspilogsprog.dk\/#organization\",\"name\":\"Samspil og Sprog\",\"url\":\"https:\/\/samspilogsprog.dk\/\",\"logo\":{\"@type\":\"ImageObject\",\"inLanguage\":\"da-DK\",\"@id\":\"https:\/\/samspilogsprog.dk\/#\/schema\/logo\/image\/\",\"url\":\"https:\/\/samspilogsprog.dk\/wp-content\/uploads\/2023\/04\/soslogo.svg\",\"contentUrl\":\"https:\/\/samspilogsprog.dk\/wp-content\/uploads\/2023\/04\/soslogo.svg\",\"width\":100,\"height\":100,\"caption\":\"Samspil og Sprog\"},\"image\":{\"@id\":\"https:\/\/samspilogsprog.dk\/#\/schema\/logo\/image\/\"}},{\"@type\":\"Person\",\"@id\":\"https:\/\/samspilogsprog.dk\/#\/schema\/person\/df581b5e4558c3d600f4272c3bf28b85\",\"name\":\"stine lawaetz\",\"image\":{\"@type\":\"ImageObject\",\"inLanguage\":\"da-DK\",\"@id\":\"https:\/\/samspilogsprog.dk\/#\/schema\/person\/image\/\",\"url\":\"https:\/\/secure.gravatar.com\/avatar\/fcf9cbfb19b1492a8f796f233332db95bf225bfe3513a6fe9377535b4020e2f6?s=96&d=mm&r=g\",\"contentUrl\":\"https:\/\/secure.gravatar.com\/avatar\/fcf9cbfb19b1492a8f796f233332db95bf225bfe3513a6fe9377535b4020e2f6?s=96&d=mm&r=g\",\"caption\":\"stine lawaetz\"},\"url\":\"https:\/\/samspilogsprog.dk\/index.php\/author\/stine\/\"}]}<\/script>\n<!-- \/ Yoast SEO plugin. -->","yoast_head_json":{"title":"Autismekursus hos ALF - Samspil og Sprog","robots":{"index":"index","follow":"follow","max-snippet":"max-snippet:-1","max-image-preview":"max-image-preview:large","max-video-preview":"max-video-preview:-1"},"canonical":"https:\/\/samspilogsprog.dk\/index.php\/2025\/08\/25\/autismekursus-hos-alf\/","og_locale":"da_DK","og_type":"article","og_title":"Autismekursus hos ALF - Samspil og Sprog","og_description":"juni 2024 \u00a0sidste uge var jeg p\u00e5 anden del af et 6 dages kursus om autisme med dygtige psykolog Cecilia Brynskov arrangeret af Audiologop\u00e6disk Forening. Sikke en forn\u00f8jelse og gave at f\u00e5 lov at tale om netop autisme med andre logop\u00e6der. Hvis vi f\u00e5r lov at komme med vores faglighed og st\u00f8tte op om barnets &hellip; Autismekursus hos ALF L\u00e6s mere &raquo;","og_url":"https:\/\/samspilogsprog.dk\/index.php\/2025\/08\/25\/autismekursus-hos-alf\/","og_site_name":"Samspil og Sprog","article_published_time":"2025-08-25T13:35:47+00:00","article_modified_time":"2025-08-25T13:35:49+00:00","og_image":[{"url":"https:\/\/samspilogsprog.dk\/wp-content\/uploads\/2025\/08\/1000015521-768x1024.jpg"}],"author":"stine lawaetz","twitter_card":"summary_large_image","twitter_misc":{"Skrevet af":"stine lawaetz","Estimeret l\u00e6setid":"2 minutter"},"schema":{"@context":"https:\/\/schema.org","@graph":[{"@type":"Article","@id":"https:\/\/samspilogsprog.dk\/index.php\/2025\/08\/25\/autismekursus-hos-alf\/#article","isPartOf":{"@id":"https:\/\/samspilogsprog.dk\/index.php\/2025\/08\/25\/autismekursus-hos-alf\/"},"author":{"name":"stine lawaetz","@id":"https:\/\/samspilogsprog.dk\/#\/schema\/person\/df581b5e4558c3d600f4272c3bf28b85"},"headline":"Autismekursus hos ALF","datePublished":"2025-08-25T13:35:47+00:00","dateModified":"2025-08-25T13:35:49+00:00","mainEntityOfPage":{"@id":"https:\/\/samspilogsprog.dk\/index.php\/2025\/08\/25\/autismekursus-hos-alf\/"},"wordCount":182,"commentCount":0,"publisher":{"@id":"https:\/\/samspilogsprog.dk\/#organization"},"articleSection":["Uncategorized"],"inLanguage":"da-DK","potentialAction":[{"@type":"CommentAction","name":"Comment","target":["https:\/\/samspilogsprog.dk\/index.php\/2025\/08\/25\/autismekursus-hos-alf\/#respond"]}]},{"@type":"WebPage","@id":"https:\/\/samspilogsprog.dk\/index.php\/2025\/08\/25\/autismekursus-hos-alf\/","url":"https:\/\/samspilogsprog.dk\/index.php\/2025\/08\/25\/autismekursus-hos-alf\/","name":"Autismekursus hos ALF - Samspil og Sprog","isPartOf":{"@id":"https:\/\/samspilogsprog.dk\/#website"},"datePublished":"2025-08-25T13:35:47+00:00","dateModified":"2025-08-25T13:35:49+00:00","breadcrumb":{"@id":"https:\/\/samspilogsprog.dk\/index.php\/2025\/08\/25\/autismekursus-hos-alf\/#breadcrumb"},"inLanguage":"da-DK","potentialAction":[{"@type":"ReadAction","target":["https:\/\/samspilogsprog.dk\/index.php\/2025\/08\/25\/autismekursus-hos-alf\/"]}]},{"@type":"BreadcrumbList","@id":"https:\/\/samspilogsprog.dk\/index.php\/2025\/08\/25\/autismekursus-hos-alf\/#breadcrumb","itemListElement":[{"@type":"ListItem","position":1,"name":"Hjem","item":"https:\/\/samspilogsprog.dk\/"},{"@type":"ListItem","position":2,"name":"Autismekursus hos ALF"}]},{"@type":"WebSite","@id":"https:\/\/samspilogsprog.dk\/#website","url":"https:\/\/samspilogsprog.dk\/","name":"Samspil og Sprog","description":"Samspil og Sprog besk\u00e6ftiger sig med vejledning i b\u00f8rns sproglige udvikling","publisher":{"@id":"https:\/\/samspilogsprog.dk\/#organization"},"potentialAction":[{"@type":"SearchAction","target":{"@type":"EntryPoint","urlTemplate":"https:\/\/samspilogsprog.dk\/?s={search_term_string}"},"query-input":"required name=search_term_string"}],"inLanguage":"da-DK"},{"@type":"Organization","@id":"https:\/\/samspilogsprog.dk\/#organization","name":"Samspil og Sprog","url":"https:\/\/samspilogsprog.dk\/","logo":{"@type":"ImageObject","inLanguage":"da-DK","@id":"https:\/\/samspilogsprog.dk\/#\/schema\/logo\/image\/","url":"https:\/\/samspilogsprog.dk\/wp-content\/uploads\/2023\/04\/soslogo.svg","contentUrl":"https:\/\/samspilogsprog.dk\/wp-content\/uploads\/2023\/04\/soslogo.svg","width":100,"height":100,"caption":"Samspil og Sprog"},"image":{"@id":"https:\/\/samspilogsprog.dk\/#\/schema\/logo\/image\/"}},{"@type":"Person","@id":"https:\/\/samspilogsprog.dk\/#\/schema\/person\/df581b5e4558c3d600f4272c3bf28b85","name":"stine lawaetz","image":{"@type":"ImageObject","inLanguage":"da-DK","@id":"https:\/\/samspilogsprog.dk\/#\/schema\/person\/image\/","url":"https:\/\/secure.gravatar.com\/avatar\/fcf9cbfb19b1492a8f796f233332db95bf225bfe3513a6fe9377535b4020e2f6?s=96&d=mm&r=g","contentUrl":"https:\/\/secure.gravatar.com\/avatar\/fcf9cbfb19b1492a8f796f233332db95bf225bfe3513a6fe9377535b4020e2f6?s=96&d=mm&r=g","caption":"stine lawaetz"},"url":"https:\/\/samspilogsprog.dk\/index.php\/author\/stine\/"}]}},"rttpg_featured_image_url":null,"rttpg_author":{"display_name":"stine lawaetz","author_link":"https:\/\/samspilogsprog.dk\/index.php\/author\/stine\/"},"rttpg_comment":9,"rttpg_category":"<a href=\"https:\/\/samspilogsprog.dk\/index.php\/category\/uncategorized\/\" rel=\"category tag\">Uncategorized<\/a>","rttpg_excerpt":"juni 2024 \u00a0sidste uge var jeg p\u00e5 anden del af et 6 dages kursus om autisme med dygtige psykolog Cecilia Brynskov arrangeret af Audiologop\u00e6disk Forening. Sikke en forn\u00f8jelse og gave at f\u00e5 lov at tale om netop autisme med andre logop\u00e6der. Hvis vi f\u00e5r lov at komme med vores faglighed og st\u00f8tte op om barnets&hellip;","_links":{"self":[{"href":"https:\/\/samspilogsprog.dk\/index.php\/wp-json\/wp\/v2\/posts\/1843","targetHints":{"allow":["GET"]}}],"collection":[{"href":"https:\/\/samspilogsprog.dk\/index.php\/wp-json\/wp\/v2\/posts"}],"about":[{"href":"https:\/\/samspilogsprog.dk\/index.php\/wp-json\/wp\/v2\/types\/post"}],"author":[{"embeddable":true,"href":"https:\/\/samspilogsprog.dk\/index.php\/wp-json\/wp\/v2\/users\/2"}],"replies":[{"embeddable":true,"href":"https:\/\/samspilogsprog.dk\/index.php\/wp-json\/wp\/v2\/comments?post=1843"}],"version-history":[{"count":1,"href":"https:\/\/samspilogsprog.dk\/index.php\/wp-json\/wp\/v2\/posts\/1843\/revisions"}],"predecessor-version":[{"id":1845,"href":"https:\/\/samspilogsprog.dk\/index.php\/wp-json\/wp\/v2\/posts\/1843\/revisions\/1845"}],"wp:attachment":[{"href":"https:\/\/samspilogsprog.dk\/index.php\/wp-json\/wp\/v2\/media?parent=1843"}],"wp:term":[{"taxonomy":"category","embeddable":true,"href":"https:\/\/samspilogsprog.dk\/index.php\/wp-json\/wp\/v2\/categories?post=1843"},{"taxonomy":"post_tag","embeddable":true,"href":"https:\/\/samspilogsprog.dk\/index.php\/wp-json\/wp\/v2\/tags?post=1843"}],"curies":[{"name":"wp","href":"https:\/\/api.w.org\/{rel}","templated":true}]}}